{"id":815,"date":"2023-01-12T22:56:03","date_gmt":"2023-01-12T21:56:03","guid":{"rendered":"https:\/\/btssio17.com\/?p=815"},"modified":"2023-01-12T22:56:04","modified_gmt":"2023-01-12T21:56:04","slug":"meilleurs-voeux-2023","status":"publish","type":"post","link":"https:\/\/btssio17.com\/wpbtssite\/2023\/01\/meilleurs-voeux-2023\/","title":{"rendered":"Meilleurs V\u0153ux 2023 !"},"content":{"rendered":"\n<p>Avant tout, toute l&rsquo;\u00e9quipe p\u00e9dagogique souhaite vous pr\u00e9senter ses meilleurs v\u0153ux pour cette nouvelle ann\u00e9e 2023.<\/p>\n\n\n\n<p>En cette fin d&rsquo;ann\u00e9e voici l&rsquo;heure du bilan pour de nombreuses personnes mais \u00e9galement celle de l&rsquo;engagement vers de nouvelles dispositions.<\/p>\n\n\n\n<p>Je profite de cet article pour retracer les derni\u00e8res actualit\u00e9s qui ont ponctu\u00e9es la formation STS SIO de Rochefort.<\/p>\n\n\n\n<p>Nous avons accueilli les nouveaux dipl\u00f4m\u00e9s de l&rsquo;ann\u00e9e derni\u00e8re lors d&rsquo;une petite c\u00e9r\u00e9monie de remise des dipl\u00f4mes. Cela a \u00e9t\u00e9 l&rsquo;occasion de reprendre contact et d&rsquo;\u00e9changer autour d&rsquo;un verre avec nos anciens \u00e9tudiants. D&rsquo;ailleurs si vous y \u00e9tiez, n&rsquo;h\u00e9sitez pas \u00e0 nous recontacter par courriel, nous n&rsquo;avons pas vos coordonn\u00e9es perso pour la plupart.<\/p>\n\n\n\n<p><\/p>\n\n\n\n<p>Nous nous sommes notamment d\u00e9plac\u00e9s le 25 novembre, comme l&rsquo;ann\u00e9e derni\u00e8re \u00e0 Bordeaux pour assister <a rel=\"noreferrer noopener\" href=\"https:\/\/www.tribunesdelapresse.org\/\" target=\"_blank\">aux Tribunes de La Presse<\/a>. Le th\u00e8me de cette ann\u00e9e \u00e9tait focalis\u00e9 sur \u00ab\u00a0l&rsquo;identit\u00e9\u00a0\u00bb. Nos \u00e9tudiants ont assist\u00e9s \u00e0 des d\u00e9bats d&rsquo;experts et de journalistes et ont pu en profiter pour d\u00e9velopper leurs comp\u00e9tences d&rsquo;argumentation en lien avec leur enseignement de Culture G\u00e9n\u00e9rale et Expression.<br>Ci-dessous, quelques souvenirs de cette journ\u00e9e.<\/p>\n\n\n\n<p><\/p>\n\n\n\n<figure class=\"wp-block-gallery has-nested-images columns-default is-cropped wp-block-gallery-1 is-layout-flex wp-block-gallery-is-layout-flex\">\n<figure class=\"wp-block-image size-large\"><img loading=\"lazy\" decoding=\"async\" width=\"1024\" height=\"768\" data-id=\"833\" src=\"https:\/\/btssio17.com\/wpbtssite\/wp-content\/uploads\/Tribune-de-la-presse-1-1024x768.jpg\" alt=\"\" class=\"wp-image-833\" srcset=\"https:\/\/btssio17.com\/wpbtssite\/wp-content\/uploads\/Tribune-de-la-presse-1-1024x768.jpg 1024w, https:\/\/btssio17.com\/wpbtssite\/wp-content\/uploads\/Tribune-de-la-presse-1-300x225.jpg 300w, https:\/\/btssio17.com\/wpbtssite\/wp-content\/uploads\/Tribune-de-la-presse-1-768x576.jpg 768w, https:\/\/btssio17.com\/wpbtssite\/wp-content\/uploads\/Tribune-de-la-presse-1-1536x1152.jpg 1536w, https:\/\/btssio17.com\/wpbtssite\/wp-content\/uploads\/Tribune-de-la-presse-1-2048x1536.jpg 2048w, https:\/\/btssio17.com\/wpbtssite\/wp-content\/uploads\/Tribune-de-la-presse-1-360x270.jpg 360w\" sizes=\"auto, (max-width: 1024px) 100vw, 1024px\" \/><\/figure>\n\n\n\n<figure class=\"wp-block-image size-large\"><img loading=\"lazy\" decoding=\"async\" width=\"1024\" height=\"768\" data-id=\"835\" src=\"https:\/\/btssio17.com\/wpbtssite\/wp-content\/uploads\/Tribune-de-la-presse-6-1024x768.jpg\" alt=\"\" class=\"wp-image-835\" srcset=\"https:\/\/btssio17.com\/wpbtssite\/wp-content\/uploads\/Tribune-de-la-presse-6-1024x768.jpg 1024w, https:\/\/btssio17.com\/wpbtssite\/wp-content\/uploads\/Tribune-de-la-presse-6-300x225.jpg 300w, https:\/\/btssio17.com\/wpbtssite\/wp-content\/uploads\/Tribune-de-la-presse-6-768x576.jpg 768w, https:\/\/btssio17.com\/wpbtssite\/wp-content\/uploads\/Tribune-de-la-presse-6-1536x1152.jpg 1536w, https:\/\/btssio17.com\/wpbtssite\/wp-content\/uploads\/Tribune-de-la-presse-6-2048x1536.jpg 2048w, https:\/\/btssio17.com\/wpbtssite\/wp-content\/uploads\/Tribune-de-la-presse-6-360x270.jpg 360w\" sizes=\"auto, (max-width: 1024px) 100vw, 1024px\" \/><\/figure>\n\n\n\n<figure class=\"wp-block-image size-large\"><img loading=\"lazy\" decoding=\"async\" width=\"1024\" height=\"768\" data-id=\"834\" src=\"https:\/\/btssio17.com\/wpbtssite\/wp-content\/uploads\/Tribune-de-la-presse-3-1024x768.jpg\" alt=\"\" class=\"wp-image-834\" srcset=\"https:\/\/btssio17.com\/wpbtssite\/wp-content\/uploads\/Tribune-de-la-presse-3-1024x768.jpg 1024w, https:\/\/btssio17.com\/wpbtssite\/wp-content\/uploads\/Tribune-de-la-presse-3-300x225.jpg 300w, https:\/\/btssio17.com\/wpbtssite\/wp-content\/uploads\/Tribune-de-la-presse-3-768x576.jpg 768w, https:\/\/btssio17.com\/wpbtssite\/wp-content\/uploads\/Tribune-de-la-presse-3-1536x1152.jpg 1536w, https:\/\/btssio17.com\/wpbtssite\/wp-content\/uploads\/Tribune-de-la-presse-3-2048x1536.jpg 2048w, https:\/\/btssio17.com\/wpbtssite\/wp-content\/uploads\/Tribune-de-la-presse-3-360x270.jpg 360w\" sizes=\"auto, (max-width: 1024px) 100vw, 1024px\" \/><\/figure>\n<\/figure>\n\n\n\n<figure class=\"wp-block-image size-large\"><img loading=\"lazy\" decoding=\"async\" width=\"1024\" height=\"768\" src=\"https:\/\/btssio17.com\/wpbtssite\/wp-content\/uploads\/Tribune-de-la-presse-8-1024x768.jpg\" alt=\"\" class=\"wp-image-836\" srcset=\"https:\/\/btssio17.com\/wpbtssite\/wp-content\/uploads\/Tribune-de-la-presse-8-1024x768.jpg 1024w, https:\/\/btssio17.com\/wpbtssite\/wp-content\/uploads\/Tribune-de-la-presse-8-300x225.jpg 300w, https:\/\/btssio17.com\/wpbtssite\/wp-content\/uploads\/Tribune-de-la-presse-8-768x576.jpg 768w, https:\/\/btssio17.com\/wpbtssite\/wp-content\/uploads\/Tribune-de-la-presse-8-1536x1152.jpg 1536w, https:\/\/btssio17.com\/wpbtssite\/wp-content\/uploads\/Tribune-de-la-presse-8-2048x1536.jpg 2048w, https:\/\/btssio17.com\/wpbtssite\/wp-content\/uploads\/Tribune-de-la-presse-8-360x270.jpg 360w\" sizes=\"auto, (max-width: 1024px) 100vw, 1024px\" \/><figcaption class=\"wp-element-caption\">D\u00e9placement de la section STS SIO aux tribunes de la Presse \u00e0 Bordeaux<\/figcaption><\/figure>\n\n\n\n<p>Comme tous les ans, le lyc\u00e9e \u00e9tait \u00e9galement repr\u00e9sent\u00e9 au <a rel=\"noreferrer noopener\" href=\"https:\/\/www.salon-passerelle.fr\/\" target=\"_blank\">salon Passerelle de La Rochelle<\/a> qui s&rsquo;est tenu les vendredi 06 et samedi 07 Janvier 2023 \u00e0 l&rsquo;espace Encan.<\/p>\n\n\n\n<p class=\"has-text-align-center has-medium-font-size\"><strong>06 et 07 janvier 2023<\/strong><\/p>\n\n\n\n<p><\/p>\n\n\n\n<figure class=\"wp-block-image aligncenter size-large is-resized\"><img loading=\"lazy\" decoding=\"async\" src=\"https:\/\/btssio17.com\/wpbtssite\/wp-content\/uploads\/visuel-passerelle-1024x1024.jpg\" alt=\"\" class=\"wp-image-766\" width=\"411\" height=\"411\" srcset=\"https:\/\/btssio17.com\/wpbtssite\/wp-content\/uploads\/visuel-passerelle-1024x1024.jpg 1024w, https:\/\/btssio17.com\/wpbtssite\/wp-content\/uploads\/visuel-passerelle-300x300.jpg 300w, https:\/\/btssio17.com\/wpbtssite\/wp-content\/uploads\/visuel-passerelle-150x150.jpg 150w, https:\/\/btssio17.com\/wpbtssite\/wp-content\/uploads\/visuel-passerelle-768x768.jpg 768w, https:\/\/btssio17.com\/wpbtssite\/wp-content\/uploads\/visuel-passerelle-270x270.jpg 270w, https:\/\/btssio17.com\/wpbtssite\/wp-content\/uploads\/visuel-passerelle.jpg 1500w\" sizes=\"auto, (max-width: 411px) 100vw, 411px\" \/><\/figure>\n\n\n\n<p>Notre section SIO y a tenu un stand en commun avec le BTS Communication du lyc\u00e9e.<\/p>\n\n\n\n<figure class=\"wp-block-image size-large\"><img loading=\"lazy\" decoding=\"async\" width=\"1024\" height=\"771\" src=\"https:\/\/btssio17.com\/wpbtssite\/wp-content\/uploads\/IMG_20230107_091140-1024x771.jpg\" alt=\"entr\u00e9e du salon de l'orientation Passerelle 2023 de La Rochelle\" class=\"wp-image-830\" srcset=\"https:\/\/btssio17.com\/wpbtssite\/wp-content\/uploads\/IMG_20230107_091140-1024x771.jpg 1024w, https:\/\/btssio17.com\/wpbtssite\/wp-content\/uploads\/IMG_20230107_091140-300x226.jpg 300w, https:\/\/btssio17.com\/wpbtssite\/wp-content\/uploads\/IMG_20230107_091140-768x579.jpg 768w, https:\/\/btssio17.com\/wpbtssite\/wp-content\/uploads\/IMG_20230107_091140-1536x1157.jpg 1536w, https:\/\/btssio17.com\/wpbtssite\/wp-content\/uploads\/IMG_20230107_091140-2048x1543.jpg 2048w, https:\/\/btssio17.com\/wpbtssite\/wp-content\/uploads\/IMG_20230107_091140-358x270.jpg 358w\" sizes=\"auto, (max-width: 1024px) 100vw, 1024px\" \/><\/figure>\n\n\n\n<p>L&rsquo;\u00e9quipe p\u00e9dagogique a ainsi pu \u00e9changer avec des \u00e9l\u00e8ves de lyc\u00e9e candidats pour le recrutement dans notre formation \u00e0 la rentr\u00e9e prochaine mais \u00e9galement de nombreux autres \u00e9l\u00e8ves plus jeunes (Premi\u00e8re, Seconde et m\u00eame Troisi\u00e8me) venus chercher des information sur notre formation BTS SIO.<\/p>\n\n\n\n<p>Nous avons pu les renseigner et r\u00e9pondre \u00e0 leurs questions.<\/p>\n\n\n\n<figure class=\"wp-block-image size-large\"><img loading=\"lazy\" decoding=\"async\" width=\"1024\" height=\"787\" src=\"https:\/\/btssio17.com\/wpbtssite\/wp-content\/uploads\/IMG_20230107_091816-1024x787.jpg\" alt=\"Stand du lyc\u00e9e Merleau Ponty au salon de l'orientation Passerelle 2023 de La Rochelle\" class=\"wp-image-831\" srcset=\"https:\/\/btssio17.com\/wpbtssite\/wp-content\/uploads\/IMG_20230107_091816-1024x787.jpg 1024w, https:\/\/btssio17.com\/wpbtssite\/wp-content\/uploads\/IMG_20230107_091816-300x231.jpg 300w, https:\/\/btssio17.com\/wpbtssite\/wp-content\/uploads\/IMG_20230107_091816-768x590.jpg 768w, https:\/\/btssio17.com\/wpbtssite\/wp-content\/uploads\/IMG_20230107_091816-1536x1180.jpg 1536w, https:\/\/btssio17.com\/wpbtssite\/wp-content\/uploads\/IMG_20230107_091816-2048x1574.jpg 2048w, https:\/\/btssio17.com\/wpbtssite\/wp-content\/uploads\/IMG_20230107_091816-351x270.jpg 351w\" sizes=\"auto, (max-width: 1024px) 100vw, 1024px\" \/><\/figure>\n\n\n\n<p><\/p>\n","protected":false},"excerpt":{"rendered":"<p>Avant tout, toute l&rsquo;\u00e9quipe p\u00e9dagogique souhaite vous pr\u00e9senter ses meilleurs v\u0153ux pour cette nouvelle ann\u00e9e 2023. En cette fin d&rsquo;ann\u00e9e voici l&rsquo;heure du bilan pour de nombreuses personnes mais \u00e9galement celle de l&rsquo;engagement vers de nouvelles dispositions. Je profite de cet article pour retracer les derni\u00e8res actualit\u00e9s qui ont ponctu\u00e9es la formation STS SIO de [&hellip;]<\/p>\n","protected":false},"author":1,"featured_media":839,"comment_status":"closed","ping_status":"open","sticky":false,"template":"","format":"standard","meta":{"footnotes":""},"categories":[24],"tags":[],"class_list":["post-815","post","type-post","status-publish","format-standard","has-post-thumbnail","hentry","category-nouveautes"],"_links":{"self":[{"href":"https:\/\/btssio17.com\/wpbtssite\/wp-json\/wp\/v2\/posts\/815","targetHints":{"allow":["GET"]}}],"collection":[{"href":"https:\/\/btssio17.com\/wpbtssite\/wp-json\/wp\/v2\/posts"}],"about":[{"href":"https:\/\/btssio17.com\/wpbtssite\/wp-json\/wp\/v2\/types\/post"}],"author":[{"embeddable":true,"href":"https:\/\/btssio17.com\/wpbtssite\/wp-json\/wp\/v2\/users\/1"}],"replies":[{"embeddable":true,"href":"https:\/\/btssio17.com\/wpbtssite\/wp-json\/wp\/v2\/comments?post=815"}],"version-history":[{"count":5,"href":"https:\/\/btssio17.com\/wpbtssite\/wp-json\/wp\/v2\/posts\/815\/revisions"}],"predecessor-version":[{"id":838,"href":"https:\/\/btssio17.com\/wpbtssite\/wp-json\/wp\/v2\/posts\/815\/revisions\/838"}],"wp:featuredmedia":[{"embeddable":true,"href":"https:\/\/btssio17.com\/wpbtssite\/wp-json\/wp\/v2\/media\/839"}],"wp:attachment":[{"href":"https:\/\/btssio17.com\/wpbtssite\/wp-json\/wp\/v2\/media?parent=815"}],"wp:term":[{"taxonomy":"category","embeddable":true,"href":"https:\/\/btssio17.com\/wpbtssite\/wp-json\/wp\/v2\/categories?post=815"},{"taxonomy":"post_tag","embeddable":true,"href":"https:\/\/btssio17.com\/wpbtssite\/wp-json\/wp\/v2\/tags?post=815"}],"curies":[{"name":"wp","href":"https:\/\/api.w.org\/{rel}","templated":true}]}}