{"id":677,"date":"2020-10-30T07:46:51","date_gmt":"2020-10-30T07:46:51","guid":{"rendered":"http:\/\/btssio17.com\/?p=677"},"modified":"2020-10-30T07:48:13","modified_gmt":"2020-10-30T07:48:13","slug":"bts-sio-ouvert-pour-la-rentree-du-2-novembre","status":"publish","type":"post","link":"https:\/\/btssio17.com\/wpbtssite\/2020\/10\/bts-sio-ouvert-pour-la-rentree-du-2-novembre\/","title":{"rendered":"BTS SIO ouvert pour la rentr\u00e9e du 2 novembre"},"content":{"rendered":"\n<p>Bonjour \u00e0 tous.<\/p>\n<p>Suite \u00e0 la r\u00e9ouverture des \u00e9tablissements d&rsquo;enseignement de type \u00e9coles, coll\u00e8ges et lyc\u00e9es, conform\u00e9ment aux directive de l&rsquo;\u00e9ducation nationale, la section de BTS SIO du lyc\u00e9e sera en mesure d\u2019accueillir nos \u00e9tudiants \u00e0 partir de lundi.<\/p>\n\n\n\n<h3 class=\"bullet\">L&rsquo;enseignement sup\u00e9rieur \u00e0 distance, \u00e0 quelques exceptions pr\u00e8s<\/h3>\n<p><em>\u00ab\u00a0La r\u00e8gle sera le distanciel\u00a0\u00bb<\/em>, et les cours se feront en ligne, dans les universit\u00e9s et les autres \u00e9tablissements d&rsquo;enseignement sup\u00e9rieur, a indiqu\u00e9 Jean Castex. Seuls certains <em>\u00ab\u00a0travaux pratiques et enseignements professionnels\u00a0\u00bb<\/em> qui demandent un mat\u00e9riel sp\u00e9cifique, notamment dans les IUT, continueront d&rsquo;avoir lieu dans les \u00e9tablissements.<\/p>\n<p><span style=\"color: #ff0000;\"><strong>Sur Instagram, jeudi soir, le porte-parole du gouvernement Gabriel Attal a cependant indiqu\u00e9 que les cours des BTS et classes pr\u00e9pas, eux,<em> \u00ab\u00a0continueront de se tenir en pr\u00e9sentiel\u00a0\u00bb<\/em>.<\/strong> <\/span>Les biblioth\u00e8ques universitaires ne seront plus ouvertes que sur rendez-vous, avec une jauge maximum, et les restaurants universitaires ne serviront plus que des repas \u00e0 emporter.<\/p>\n<p>En revanche, les examens et concours se tiendront comme pr\u00e9vu, a promis Jean Castex. Une autorisation qui ne se limite pas \u00e0 l&rsquo;enseignement sup\u00e9rieur, puisqu&rsquo;il sera \u00e9galement possible de passer son permis de conduire, a-t-il annonc\u00e9.<strong><br \/><\/strong><\/p>\n<p><a href=\"https:\/\/www.francetvinfo.fr\/sante\/maladie\/coronavirus\/confinement\/covid-19-ce-qu-il-faut-retenir-des-annonces-du-gouvernement-sur-les-modalites-du-nouveau-confinement_4160859.html\">source FranceInfo<\/a><\/p>\n","protected":false},"excerpt":{"rendered":"","protected":false},"author":1,"featured_media":0,"comment_status":"closed","ping_status":"open","sticky":false,"template":"","format":"standard","meta":{"footnotes":""},"categories":[1],"tags":[],"class_list":["post-677","post","type-post","status-publish","format-standard","hentry","category-uncategorized"],"_links":{"self":[{"href":"https:\/\/btssio17.com\/wpbtssite\/wp-json\/wp\/v2\/posts\/677","targetHints":{"allow":["GET"]}}],"collection":[{"href":"https:\/\/btssio17.com\/wpbtssite\/wp-json\/wp\/v2\/posts"}],"about":[{"href":"https:\/\/btssio17.com\/wpbtssite\/wp-json\/wp\/v2\/types\/post"}],"author":[{"embeddable":true,"href":"https:\/\/btssio17.com\/wpbtssite\/wp-json\/wp\/v2\/users\/1"}],"replies":[{"embeddable":true,"href":"https:\/\/btssio17.com\/wpbtssite\/wp-json\/wp\/v2\/comments?post=677"}],"version-history":[{"count":3,"href":"https:\/\/btssio17.com\/wpbtssite\/wp-json\/wp\/v2\/posts\/677\/revisions"}],"predecessor-version":[{"id":680,"href":"https:\/\/btssio17.com\/wpbtssite\/wp-json\/wp\/v2\/posts\/677\/revisions\/680"}],"wp:attachment":[{"href":"https:\/\/btssio17.com\/wpbtssite\/wp-json\/wp\/v2\/media?parent=677"}],"wp:term":[{"taxonomy":"category","embeddable":true,"href":"https:\/\/btssio17.com\/wpbtssite\/wp-json\/wp\/v2\/categories?post=677"},{"taxonomy":"post_tag","embeddable":true,"href":"https:\/\/btssio17.com\/wpbtssite\/wp-json\/wp\/v2\/tags?post=677"}],"curies":[{"name":"wp","href":"https:\/\/api.w.org\/{rel}","templated":true}]}}