{"id":465,"date":"2018-09-15T13:21:44","date_gmt":"2018-09-15T13:21:44","guid":{"rendered":"http:\/\/btssio17.com\/?p=465"},"modified":"2018-09-15T13:23:03","modified_gmt":"2018-09-15T13:23:03","slug":"sortie-integration","status":"publish","type":"post","link":"https:\/\/btssio17.com\/wpbtssite\/2018\/09\/sortie-integration\/","title":{"rendered":"Sortie Int\u00e9gration"},"content":{"rendered":"<p><img loading=\"lazy\" decoding=\"async\" class=\"alignnone \" src=\"https:\/\/upload.wikimedia.org\/wikipedia\/commons\/c\/c1\/PixAile3.jpg\" alt=\"\u00eele d'Aix vue de haut\" width=\"865\" height=\"517\" \/><\/p>\n<p>Bonjour \u00e0 tous,<\/p>\n<p>Pour f\u00eater la rentr\u00e9e nous organisons cette ann\u00e9e une sortie d&rsquo;int\u00e9gration sur l&rsquo;ile d&rsquo;Aix qui aura lieu le mardi 18 septembre.<\/p>\n<p><!--more--><\/p>\n<p><span style=\"text-decoration: underline;\"><strong><em>Au programme :<\/em><\/strong><\/span><\/p>\n<figure style=\"width: 413px\" class=\"wp-caption alignright\"><img loading=\"lazy\" decoding=\"async\" class=\"\" src=\"https:\/\/upload.wikimedia.org\/wikipedia\/commons\/f\/fd\/Arriv%C3%A9e_et_d%C3%A9part_du_bac_de_l%27%C3%8Ele_d%27Aix_%C3%A0_l%27embarcad%C3%A8re_de_la_Pointe_de_la_Fum%C3%A9e_%2831%29.JPG\" alt=\"Le bac Pierre Loti\" width=\"413\" height=\"276\" \/><figcaption class=\"wp-caption-text\">Le bac pour la travers\u00e9e Fouras-\u00cele d&rsquo;Aix est baptis\u00e9 le Pierre Loti<\/figcaption><\/figure>\n<p><b>9h<\/b><b>0<\/b><b>0 <\/b>: D\u00e9part lyc\u00e9e en minibus &#8211; Arriv\u00e9e \u00e0 Fouras<\/p>\n<p><b>10h : <\/b>Accueil \u00e0 la billetterie<\/p>\n<p><b>10h30 :<\/b> Embarquement<\/p>\n<p><b>11h : <\/b>D\u00e9but du rallye organis\u00e9 par l&rsquo;office du tourisme<\/p>\n<p><b>12h : <\/b>Pique-nique<\/p>\n<p><b>15h30<\/b>: Correction du rallye<\/p>\n<p><b>16h15<\/b> : Retour en bateau<\/p>\n<p><b>17h 00 <\/b>: Arriv\u00e9e au lyc\u00e9e<\/p>\n<h5 class=\"western\"><span style=\"text-decoration: underline;\"><em><span style=\"font-size: 12pt;\"><b>\u00c0 pr\u00e9voir :<br \/>\n<\/b><\/span><\/em><\/span><\/h5>\n<ul>\n<li>Un pique-nique pour le d\u00e9jeuner<\/li>\n<li>Tenue d&rsquo;ext\u00e9rieur : coupe vent, v\u00eatement de pluie&#8230;<\/li>\n<li>Tenue nautique : Chaussures ferm\u00e9es, maillot de bain et short.<\/li>\n<li>Tenue de rechange<\/li>\n<\/ul>\n<figure style=\"width: 513px\" class=\"wp-caption alignnone\"><img loading=\"lazy\" decoding=\"async\" class=\"\" src=\"https:\/\/farm1.staticflickr.com\/505\/19415070295_edbdeb2d9b_k_d.jpg\" alt=\"Plage et vue sur les deux phares - \u00cele d'Aix\" width=\"513\" height=\"258\" \/><figcaption class=\"wp-caption-text\">L&rsquo;une des plages avec vue sur les deux phares<\/figcaption><\/figure>\n<p><em><u><b>Stationnement :<\/b><\/u><\/em><\/p>\n<p>Le stationnement pr\u00e8s de l&#8217;embarcad\u00e8re pour l&rsquo;\u00eele d&rsquo;Aix est payant. Pour ceux qui viennent par leurs propres moyens, il faut donc pr\u00e9voir du temps (environ 20 minutes de marche) pour trouver une place de stationnement et marcher jusqu&rsquo;\u00e0 la billetterie. Il est sans doute possible de se garer dans les rues des ostr\u00e9iculteurs parall\u00e8les \u00e0 la route principale (regardez sur <a href=\"http:\/\/umap.openstreetmap.fr\/fr\/map\/anonymous-edit\/247935:NGa5vjr-rm0PJDge_ZRGo-HdSu0\">OpenStreetMap<\/a>).<\/p>\n<p>Le temps pr\u00e9vu mardi est tr\u00e8s ensoleill\u00e9 !<\/p>\n","protected":false},"excerpt":{"rendered":"<p>Bonjour \u00e0 tous, Pour f\u00eater la rentr\u00e9e nous organisons cette ann\u00e9e une sortie d&rsquo;int\u00e9gration sur l&rsquo;ile d&rsquo;Aix qui aura lieu le mardi 18 septembre.<\/p>\n","protected":false},"author":1,"featured_media":0,"comment_status":"closed","ping_status":"open","sticky":false,"template":"","format":"standard","meta":{"footnotes":""},"categories":[1],"tags":[],"class_list":["post-465","post","type-post","status-publish","format-standard","hentry","category-uncategorized"],"_links":{"self":[{"href":"https:\/\/btssio17.com\/wpbtssite\/wp-json\/wp\/v2\/posts\/465","targetHints":{"allow":["GET"]}}],"collection":[{"href":"https:\/\/btssio17.com\/wpbtssite\/wp-json\/wp\/v2\/posts"}],"about":[{"href":"https:\/\/btssio17.com\/wpbtssite\/wp-json\/wp\/v2\/types\/post"}],"author":[{"embeddable":true,"href":"https:\/\/btssio17.com\/wpbtssite\/wp-json\/wp\/v2\/users\/1"}],"replies":[{"embeddable":true,"href":"https:\/\/btssio17.com\/wpbtssite\/wp-json\/wp\/v2\/comments?post=465"}],"version-history":[{"count":5,"href":"https:\/\/btssio17.com\/wpbtssite\/wp-json\/wp\/v2\/posts\/465\/revisions"}],"predecessor-version":[{"id":470,"href":"https:\/\/btssio17.com\/wpbtssite\/wp-json\/wp\/v2\/posts\/465\/revisions\/470"}],"wp:attachment":[{"href":"https:\/\/btssio17.com\/wpbtssite\/wp-json\/wp\/v2\/media?parent=465"}],"wp:term":[{"taxonomy":"category","embeddable":true,"href":"https:\/\/btssio17.com\/wpbtssite\/wp-json\/wp\/v2\/categories?post=465"},{"taxonomy":"post_tag","embeddable":true,"href":"https:\/\/btssio17.com\/wpbtssite\/wp-json\/wp\/v2\/tags?post=465"}],"curies":[{"name":"wp","href":"https:\/\/api.w.org\/{rel}","templated":true}]}}